{"id":334,"date":"2019-10-23T06:53:44","date_gmt":"2019-10-23T05:53:44","guid":{"rendered":"http:\/\/vie-en-corps.fr\/?p=334"},"modified":"2019-10-23T06:53:44","modified_gmt":"2019-10-23T05:53:44","slug":"le-corps-du-masque-neutre-au-nez-du-clown-2019","status":"publish","type":"post","link":"https:\/\/vie-en-corps.fr\/?p=334","title":{"rendered":"Le corps du masque neutre au nez du clown 2019"},"content":{"rendered":"<h2><img decoding=\"async\" loading=\"lazy\" class=\"aligncenter wp-image-275 size-thumbnail\" src=\"http:\/\/vie-en-corps.fr\/wp-content\/uploads\/2018\/09\/IMG0653-e1571809869237-500x343.jpg\" alt=\"\" width=\"500\" height=\"343\" srcset=\"https:\/\/vie-en-corps.fr\/wp-content\/uploads\/2018\/09\/IMG0653-e1571809869237-500x343.jpg 500w, https:\/\/vie-en-corps.fr\/wp-content\/uploads\/2018\/09\/IMG0653-e1571809869237-768x527.jpg 768w, https:\/\/vie-en-corps.fr\/wp-content\/uploads\/2018\/09\/IMG0653-e1571809869237-1024x703.jpg 1024w, https:\/\/vie-en-corps.fr\/wp-content\/uploads\/2018\/09\/IMG0653-e1571809869237-437x300.jpg 437w, https:\/\/vie-en-corps.fr\/wp-content\/uploads\/2018\/09\/IMG0653-e1571809869237.jpg 1055w\" sizes=\"(max-width: 500px) 100vw, 500px\" \/><\/h2>\n<h2>Journ\u00e9e ouverte de l\u2019atelier d\u2019improvisation danse, clown, voix.<br \/>\nDimanche 10 novembre 2019 de 10h \u00e0 17h<br \/>\nSalle de danse Ch\u00e2teau d\u2019Ornon, impasse d\u2019Ornon, Gradignan.<br \/>\n<strong>Journ\u00e9e ouverte \u00e0 toutes personnes.<\/strong><\/h2>\n<p>Comment, \u00e0 partir de notre mati\u00e8re corporelle, nous voyageons dans ce stage entre deux masques\u00a0: le neutre et celui du clown\u00a0; la permanence et le moment fuyant de l\u2019instant pr\u00e9sent sans cesse renouvel\u00e9&#8230;<br \/>\nLe masque pr\u00e9pare la mati\u00e8re et le terrain de jeu du clown.<\/p>\n<p>La journ\u00e9e sera co-anim\u00e9e par <a href=\"http:\/\/medelunacie.free.fr\/veronique-bevilacqua.html\" target=\"_blank\" rel=\"noopener\">V\u00e9ronique Bevilacqua<\/a> de la <a href=\"http:\/\/medelunacie.free.fr\/\" target=\"_blank\" rel=\"noopener\">Compagnie <em>Me de Luna<\/em><\/a> et <a href=\"http:\/\/vie-en-corps.fr\/?page_id=71\">David Bettin<\/a> de l&#8217;association Vie-en-Corps.<\/p>\n<p><a href=\"http:\/\/medelunacie.free.fr\/\" target=\"_blank\" rel=\"noopener\"><img decoding=\"async\" loading=\"lazy\" class=\" wp-image-224 aligncenter\" src=\"http:\/\/vie-en-corps.fr\/wp-content\/uploads\/2017\/11\/medeluna-500x353.png\" alt=\"\" width=\"220\" height=\"157\" \/><\/a><strong>Aspects pratiques<br \/>\n<\/strong><\/p>\n<ul>\n<li>Dimanche 10 novembre 2019 de 10h \u00e0 17h, <a href=\"https:\/\/goo.gl\/maps\/z4fd1skd5bC2\" target=\"_blank\" rel=\"noopener\">Salle de danse Ch\u00e2teau d\u2019Ornon, impasse d\u2019Ornon, Gradignan<\/a> (<a href=\"https:\/\/goo.gl\/maps\/z4fd1skd5bC2\" target=\"_blank\" rel=\"noopener\">plan ici<\/a>).<\/li>\n<li>Une tenue souple est recommand\u00e9e<\/li>\n<li>Pour la pause du midi nous partageons les sp\u00e9cialit\u00e9s apport\u00e9es par chacun.<\/li>\n<li>Journ\u00e9e ouverte \u00e0 toutes personnes, sans n\u00e9cessaire exp\u00e9rience en clown.<\/li>\n<\/ul>\n<p><strong>Tarif<\/strong><\/p>\n<ul>\n<li>50 euros pour la journ\u00e9e<\/li>\n<li>15 euros pour l\u2019adh\u00e9sion \u00e0 l\u2019association Vie en Corps (gratuit pour les r\u00e9sidents de Gradignan)<\/li>\n<\/ul>\n<p>Le nombre de participants \u00e9tant limit\u00e9, r\u00e9server est fortement recommand\u00e9. Merci de signaler votre souhait de participer \u00e0 la journ\u00e9e par courrier \u00e9lectronique (<a href=\"mailto:info@vie-en-corps.fr?subject=Reservation Le corps du masque neutre au nez du clown\">info@vie-en-corps.fr<\/a>).<\/p>\n","protected":false},"excerpt":{"rendered":"<p>Journ\u00e9e ouverte de l\u2019atelier d\u2019improvisation danse, clown, voix. Dimanche 10 novembre 2019 de 10h \u00e0 17h Salle de danse Ch\u00e2teau d\u2019Ornon, impasse d\u2019Ornon, Gradignan. Journ\u00e9e ouverte \u00e0 toutes personnes. Comment, \u00e0 partir de notre mati\u00e8re corporelle, nous voyageons dans ce &hellip; <a href=\"https:\/\/vie-en-corps.fr\/?p=334\">Continue reading <span class=\"meta-nav\">&rarr;<\/span><\/a><\/p>\n","protected":false},"author":1,"featured_media":0,"comment_status":"closed","ping_status":"closed","sticky":false,"template":"","format":"standard","meta":[],"categories":[1],"tags":[],"_links":{"self":[{"href":"https:\/\/vie-en-corps.fr\/index.php?rest_route=\/wp\/v2\/posts\/334"}],"collection":[{"href":"https:\/\/vie-en-corps.fr\/index.php?rest_route=\/wp\/v2\/posts"}],"about":[{"href":"https:\/\/vie-en-corps.fr\/index.php?rest_route=\/wp\/v2\/types\/post"}],"author":[{"embeddable":true,"href":"https:\/\/vie-en-corps.fr\/index.php?rest_route=\/wp\/v2\/users\/1"}],"replies":[{"embeddable":true,"href":"https:\/\/vie-en-corps.fr\/index.php?rest_route=%2Fwp%2Fv2%2Fcomments&post=334"}],"version-history":[{"count":2,"href":"https:\/\/vie-en-corps.fr\/index.php?rest_route=\/wp\/v2\/posts\/334\/revisions"}],"predecessor-version":[{"id":336,"href":"https:\/\/vie-en-corps.fr\/index.php?rest_route=\/wp\/v2\/posts\/334\/revisions\/336"}],"wp:attachment":[{"href":"https:\/\/vie-en-corps.fr\/index.php?rest_route=%2Fwp%2Fv2%2Fmedia&parent=334"}],"wp:term":[{"taxonomy":"category","embeddable":true,"href":"https:\/\/vie-en-corps.fr\/index.php?rest_route=%2Fwp%2Fv2%2Fcategories&post=334"},{"taxonomy":"post_tag","embeddable":true,"href":"https:\/\/vie-en-corps.fr\/index.php?rest_route=%2Fwp%2Fv2%2Ftags&post=334"}],"curies":[{"name":"wp","href":"https:\/\/api.w.org\/{rel}","templated":true}]}}