{"id":287,"date":"2018-12-16T11:25:04","date_gmt":"2018-12-16T10:25:04","guid":{"rendered":"http:\/\/vie-en-corps.fr\/?p=287"},"modified":"2020-09-10T11:00:29","modified_gmt":"2020-09-10T10:00:29","slug":"du-theatre-corporel-au-clown-de-theatre","status":"publish","type":"post","link":"https:\/\/vie-en-corps.fr\/?p=287","title":{"rendered":"Du th\u00e9\u00e2tre corporel au clown de th\u00e9\u00e2tre"},"content":{"rendered":"<h2><img decoding=\"async\" loading=\"lazy\" class=\"aligncenter size-thumbnail wp-image-297\" src=\"http:\/\/vie-en-corps.fr\/wp-content\/uploads\/2018\/12\/echauffement-8NB.small_-500x391.jpg\" alt=\"\" width=\"500\" height=\"391\" srcset=\"https:\/\/vie-en-corps.fr\/wp-content\/uploads\/2018\/12\/echauffement-8NB.small_-500x391.jpg 500w, https:\/\/vie-en-corps.fr\/wp-content\/uploads\/2018\/12\/echauffement-8NB.small_-384x300.jpg 384w, https:\/\/vie-en-corps.fr\/wp-content\/uploads\/2018\/12\/echauffement-8NB.small_.jpg 548w\" sizes=\"(max-width: 500px) 100vw, 500px\" \/><\/h2>\n<h2 style=\"text-align: center;\">Journ\u00e9e ouverte de l\u2019atelier d\u2019improvisation danse, clown, voix.<br \/>\nDimanche 27 janvier 2019 de 10h \u00e0 17h<\/h2>\n<p align=\"justify\"><span style=\"font-size: medium;\">Le th\u00e9\u00e2tre corporel est une expression artistique \u00e0 la lisi\u00e8re de la danse, du th\u00e9\u00e2tre et du clown de th\u00e9\u00e2tre. Il nourrit l\u2019acteur et enrichit son aptitude \u00e0 capter l\u2019instant pr\u00e9sent, porte ouverte vers une multiplicit\u00e9 de jeux possibles.<br \/>\n<\/span><span style=\"font-size: medium;\">Parfois burlesque, parfois surr\u00e9aliste, cette parole po\u00e9tique du corps invite nos espaces expressifs \u00e0 lib\u00e9rer notre jeu d\u2019un mental tr\u00e8s pr\u00e9sent. Du \u00ab\u00a0jeu\u00a0\u00bb au \u00ab\u00a0je\u00a0\u00bb, le clown s\u2019exprime \u00e0 notre insu.<\/span><\/p>\n<p><strong>Journ\u00e9e co- anim\u00e9e par&#8230;<br \/>\n<\/strong><\/p>\n<ul>\n<li><a href=\"http:\/\/vie-en-corps.fr\/?page_id=71\">David Bettin<\/a>,\u00a0de l&#8217;association Vie en Corps, \u00e9ducateur et professeur de clown de th\u00e9\u00e2tre<\/li>\n<li>V\u00e9ronique Bevilacqua de la <a href=\"http:\/\/medelunacie.free.fr\/\">Compagnie Me de Luna\u00a0\u00a0<\/a>\u00a0\u00a0<img decoding=\"async\" loading=\"lazy\" class=\"wp-image-224 alignright\" src=\"http:\/\/vie-en-corps.fr\/wp-content\/uploads\/2017\/11\/medeluna-500x353.png\" alt=\"\" width=\"100\" height=\"73\" \/><\/li>\n<\/ul>\n<p>&nbsp;<\/p>\n<p><strong>Aspects pratiques<br \/>\n<\/strong><\/p>\n<ul>\n<li><a href=\"https:\/\/goo.gl\/maps\/z4fd1skd5bC2\" target=\"_blank\" rel=\"noopener\">Salle de danse Ch\u00e2teau d\u2019Ornon, impasse d\u2019Ornon, Gradignan<\/a> (<a href=\"https:\/\/goo.gl\/maps\/z4fd1skd5bC2\" target=\"_blank\" rel=\"noopener\">plan ici<\/a>).<\/li>\n<li>Une tenue souple est recommand\u00e9e<\/li>\n<li>Pour la pause du midi nous partageons les sp\u00e9cialit\u00e9s apport\u00e9es par chacun.<\/li>\n<li>Journ\u00e9e ouverte \u00e0 toutes personnes, sans n\u00e9cessaire exp\u00e9rience en clown.<\/li>\n<\/ul>\n<p><strong>Tarif<\/strong><\/p>\n<ul>\n<li>50 euros pour la journ\u00e9e<\/li>\n<li>15 euros pour l\u2019adh\u00e9sion \u00e0 l\u2019association Vie en Corps (gratuit pour les r\u00e9sidents de Gradignan)<\/li>\n<\/ul>\n<p>Le nombre de participants \u00e9tant limit\u00e9 \u00e0 14 personnes, la r\u00e9servation est fortement recommand\u00e9e. Merci de signaler votre souhait de participer \u00e0 la journ\u00e9e par courrier \u00e9lectronique (<a href=\"mailto:info@vie-en-corps.fr?subject=Du th\u00e9\u00e2tre corporel au clown de th\u00e9\u00e2tre\">info@vie-en-corps.fr<\/a>)<em>.<\/em><em><br \/>\n<\/em><\/p>\n<p>&nbsp;<\/p>\n","protected":false},"excerpt":{"rendered":"<p>Journ\u00e9e ouverte de l\u2019atelier d\u2019improvisation danse, clown, voix. Dimanche 27 janvier 2019 de 10h \u00e0 17h Le th\u00e9\u00e2tre corporel est une expression artistique \u00e0 la lisi\u00e8re de la danse, du th\u00e9\u00e2tre et du clown de th\u00e9\u00e2tre. Il nourrit l\u2019acteur et &hellip; <a href=\"https:\/\/vie-en-corps.fr\/?p=287\">Continue reading <span class=\"meta-nav\">&rarr;<\/span><\/a><\/p>\n","protected":false},"author":1,"featured_media":0,"comment_status":"closed","ping_status":"closed","sticky":false,"template":"","format":"standard","meta":[],"categories":[1],"tags":[],"_links":{"self":[{"href":"https:\/\/vie-en-corps.fr\/index.php?rest_route=\/wp\/v2\/posts\/287"}],"collection":[{"href":"https:\/\/vie-en-corps.fr\/index.php?rest_route=\/wp\/v2\/posts"}],"about":[{"href":"https:\/\/vie-en-corps.fr\/index.php?rest_route=\/wp\/v2\/types\/post"}],"author":[{"embeddable":true,"href":"https:\/\/vie-en-corps.fr\/index.php?rest_route=\/wp\/v2\/users\/1"}],"replies":[{"embeddable":true,"href":"https:\/\/vie-en-corps.fr\/index.php?rest_route=%2Fwp%2Fv2%2Fcomments&post=287"}],"version-history":[{"count":11,"href":"https:\/\/vie-en-corps.fr\/index.php?rest_route=\/wp\/v2\/posts\/287\/revisions"}],"predecessor-version":[{"id":383,"href":"https:\/\/vie-en-corps.fr\/index.php?rest_route=\/wp\/v2\/posts\/287\/revisions\/383"}],"wp:attachment":[{"href":"https:\/\/vie-en-corps.fr\/index.php?rest_route=%2Fwp%2Fv2%2Fmedia&parent=287"}],"wp:term":[{"taxonomy":"category","embeddable":true,"href":"https:\/\/vie-en-corps.fr\/index.php?rest_route=%2Fwp%2Fv2%2Fcategories&post=287"},{"taxonomy":"post_tag","embeddable":true,"href":"https:\/\/vie-en-corps.fr\/index.php?rest_route=%2Fwp%2Fv2%2Ftags&post=287"}],"curies":[{"name":"wp","href":"https:\/\/api.w.org\/{rel}","templated":true}]}}