{"id":247,"date":"2018-09-11T18:56:29","date_gmt":"2018-09-11T17:56:29","guid":{"rendered":"http:\/\/vie-en-corps.fr\/?p=247"},"modified":"2018-09-12T16:46:58","modified_gmt":"2018-09-12T15:46:58","slug":"you-need-me","status":"publish","type":"post","link":"https:\/\/vie-en-corps.fr\/?p=247","title":{"rendered":"I want you for clown party"},"content":{"rendered":"<p><strong><img decoding=\"async\" loading=\"lazy\" class=\"aligncenter size-full wp-image-252\" src=\"http:\/\/vie-en-corps.fr\/wp-content\/uploads\/2018\/09\/I-want-you-for-clown-PARTY.jpg\" alt=\"\" width=\"300\" height=\"381\" srcset=\"https:\/\/vie-en-corps.fr\/wp-content\/uploads\/2018\/09\/I-want-you-for-clown-PARTY.jpg 300w, https:\/\/vie-en-corps.fr\/wp-content\/uploads\/2018\/09\/I-want-you-for-clown-PARTY-236x300.jpg 236w\" sizes=\"(max-width: 300px) 100vw, 300px\" \/><\/strong><\/p>\n<h1 class=\"western\" lang=\"fr-FR\" align=\"center\">O\u00f9 est mon clown ? L&#8217;ai-je oubli\u00e9 ? Pointe-t-il encore son nez ?<\/h1>\n<p><strong>Journ\u00e9e d\u00e9couverte de l\u2019atelier d\u2019improvisation danse, clown, voix<br \/>\nDimanche 23 septembre 2018 de 10h \u00e0 17h Salle du pavillon des sports,<br \/>\nrue Alfred de Vigny, Gradignan<\/strong><\/p>\n<p class=\"western\" lang=\"fr-FR\" align=\"justify\">Cette journ\u00e9e a pour objectif \u00e0 la fois d&#8217;oser poser le premier pas vers cet univers de l&#8217;improvisation, ainsi que de se rassurer, toujours dans le plaisir, sur les automatismes acquis.<\/p>\n<p class=\"western\" lang=\"fr-FR\" align=\"justify\">La journ\u00e9e est ouverte \u00e0 toutes personnes souhaitant d\u00e9couvrir cette approche, aucune exp\u00e9rience n\u2019est requise.\u00a0Elle s\u2019articule autour d\u2019exercices ludiques et de mise en jeu corporels, de temps d\u2019improvisations individuelles et collectives.<\/p>\n<p>Elle sera co-anim\u00e9e par <a href=\"http:\/\/vie-en-corps.fr\/?page_id=71\"><em>David Bettin<\/em><\/a> et <em>Guillaume Delahay<\/em>.<\/p>\n<p class=\"western\" lang=\"fr-FR\" align=\"justify\">Penser \u00e0 prendre une tenue souple et un coussin pour s\u2019asseoir, une pause repas est pr\u00e9vue que nous pouvons partager sur les lieux.<\/p>\n<p class=\"western\" lang=\"fr-FR\" align=\"justify\">Prix\u00a0: 15\u20ac d\u2019adh\u00e9sion \u00e0 l\u2019association pour la saison 2018-2019.<\/p>\n<p class=\"western\" lang=\"fr-FR\" align=\"justify\">Le nombre de participants \u00e9tant limit\u00e9 \u00e0 14 personnes, r\u00e9server est fortement recommand\u00e9 en \u00e9crivant un message \u00e0 <a href=\"mailto:info@vie-en-corps.fr?subject=R\u00e9servation Clown Party\">info@vie-en-corps.fr<\/a>.<\/p>\n","protected":false},"excerpt":{"rendered":"<p>O\u00f9 est mon clown ? L&#8217;ai-je oubli\u00e9 ? Pointe-t-il encore son nez ? Journ\u00e9e d\u00e9couverte de l\u2019atelier d\u2019improvisation danse, clown, voix Dimanche 23 septembre 2018 de 10h \u00e0 17h Salle du pavillon des sports, rue Alfred de Vigny, Gradignan Cette &hellip; <a href=\"https:\/\/vie-en-corps.fr\/?p=247\">Continue reading <span class=\"meta-nav\">&rarr;<\/span><\/a><\/p>\n","protected":false},"author":1,"featured_media":0,"comment_status":"closed","ping_status":"closed","sticky":false,"template":"","format":"standard","meta":[],"categories":[1],"tags":[],"_links":{"self":[{"href":"https:\/\/vie-en-corps.fr\/index.php?rest_route=\/wp\/v2\/posts\/247"}],"collection":[{"href":"https:\/\/vie-en-corps.fr\/index.php?rest_route=\/wp\/v2\/posts"}],"about":[{"href":"https:\/\/vie-en-corps.fr\/index.php?rest_route=\/wp\/v2\/types\/post"}],"author":[{"embeddable":true,"href":"https:\/\/vie-en-corps.fr\/index.php?rest_route=\/wp\/v2\/users\/1"}],"replies":[{"embeddable":true,"href":"https:\/\/vie-en-corps.fr\/index.php?rest_route=%2Fwp%2Fv2%2Fcomments&post=247"}],"version-history":[{"count":8,"href":"https:\/\/vie-en-corps.fr\/index.php?rest_route=\/wp\/v2\/posts\/247\/revisions"}],"predecessor-version":[{"id":256,"href":"https:\/\/vie-en-corps.fr\/index.php?rest_route=\/wp\/v2\/posts\/247\/revisions\/256"}],"wp:attachment":[{"href":"https:\/\/vie-en-corps.fr\/index.php?rest_route=%2Fwp%2Fv2%2Fmedia&parent=247"}],"wp:term":[{"taxonomy":"category","embeddable":true,"href":"https:\/\/vie-en-corps.fr\/index.php?rest_route=%2Fwp%2Fv2%2Fcategories&post=247"},{"taxonomy":"post_tag","embeddable":true,"href":"https:\/\/vie-en-corps.fr\/index.php?rest_route=%2Fwp%2Fv2%2Ftags&post=247"}],"curies":[{"name":"wp","href":"https:\/\/api.w.org\/{rel}","templated":true}]}}