{"id":235,"date":"2018-01-03T10:10:10","date_gmt":"2018-01-03T09:10:10","guid":{"rendered":"http:\/\/vie-en-corps.fr\/?p=235"},"modified":"2018-01-03T10:10:10","modified_gmt":"2018-01-03T09:10:10","slug":"se-mettre-en-voix-pour-mieux-trouver-la-voie-de-son-clown","status":"publish","type":"post","link":"https:\/\/vie-en-corps.fr\/?p=235","title":{"rendered":"Se mettre en voix pour mieux trouver la voie de son clown"},"content":{"rendered":"<h2>Journ\u00e9e ouverte de l\u2019atelier d\u2019improvisation danse, clown, voix.<br \/>\nDimanche 28 Janvier 2018 de 10h \u00e0 17h<br \/>\nSalle de danse Ch\u00e2teau d\u2019Ornon, impasse d\u2019Ornon, Gradignan.<br \/>\n<strong>Journ\u00e9e ouverte \u00e0 toutes personnes.<\/strong><\/h2>\n<p align=\"justify\"><span style=\"font-size: medium;\"><strong><span style=\"color: #008000;\">Dans cette nouvelle journ\u00e9e, nous allons suivre le canal de notre respiration pour rencontrer les vibrations de notre corps. Nous allons ainsi d\u00e9couvrir ce qui fait raisonner le ch\u0153ur comme inspiration du chant de notre clown.<\/span><\/strong><\/span><\/p>\n<p><strong>Journ\u00e9e anim\u00e9e \u00e0 deux voix<br \/>\n<\/strong><\/p>\n<ul>\n<li><a href=\"http:\/\/trouver-sa-voix.blogspot.fr\/p\/cecile-foucard.html\" target=\"_blank\" rel=\"noopener\">C\u00e9cile Foucard<\/a> professeur de chant et musicoth\u00e9rapeute<\/li>\n<li><a href=\"http:\/\/vie-en-corps.fr\/?page_id=71\">David Bettin<\/a>, \u00e9ducateur et professeur de clown de th\u00e9\u00e2tre<\/li>\n<\/ul>\n<p><strong>Aspects pratiques<br \/>\n<\/strong><\/p>\n<ul>\n<li>Dimanche 28 Janvier 2018 de 10h \u00e0 17h, <a href=\"https:\/\/goo.gl\/maps\/z4fd1skd5bC2\" target=\"_blank\" rel=\"noopener\">Salle de danse Ch\u00e2teau d\u2019Ornon, impasse d\u2019Ornon, Gradignan<\/a> (<a href=\"https:\/\/goo.gl\/maps\/z4fd1skd5bC2\" target=\"_blank\" rel=\"noopener\">plan ici<\/a>).<\/li>\n<li>Une tenue souple est recommand\u00e9e<\/li>\n<li>Pour la pause du midi nous partageons les sp\u00e9cialit\u00e9s apport\u00e9es par chacun.<\/li>\n<li>Journ\u00e9e ouverte \u00e0 toutes personnes, sans n\u00e9cessaire exp\u00e9rience en clown.<\/li>\n<\/ul>\n<p><strong>Tarif<\/strong><\/p>\n<ul>\n<li>50 euros pour la journ\u00e9e<\/li>\n<li>15 euros pour l\u2019adh\u00e9sion \u00e0 l\u2019association Vie en Corps (gratuit pour les r\u00e9sidents de Gradignan)<\/li>\n<li>Des arrhes de 20 euros sont demand\u00e9es pour r\u00e9server votre participation \u00e0 la journ\u00e9e.<\/li>\n<\/ul>\n<p>Le nombre de participants \u00e9tant limit\u00e9 \u00e0 14 personnes, la r\u00e9servation est fortement recommand\u00e9e. Merci de signaler votre souhait de participer \u00e0 la journ\u00e9e par courrier \u00e9lectronique (<a href=\"mailto:info@vie-en-corps.fr?subject=Reservation Le corps du masque neutre au nez du clown\">info@vie-en-corps.fr<\/a>) et d\u2019envoyer vos arrhes (20\u20ac) avant le 25 Janvier \u00e0 l\u2019adresse suivante\u00a0: <em>Vie en corps &#8211; <\/em><em>15 rue Edouard Michel &#8211; <\/em><em>33170 Gradignan<\/em><\/p>\n","protected":false},"excerpt":{"rendered":"<p>Journ\u00e9e ouverte de l\u2019atelier d\u2019improvisation danse, clown, voix. Dimanche 28 Janvier 2018 de 10h \u00e0 17h Salle de danse Ch\u00e2teau d\u2019Ornon, impasse d\u2019Ornon, Gradignan. Journ\u00e9e ouverte \u00e0 toutes personnes. Dans cette nouvelle journ\u00e9e, nous allons suivre le canal de notre &hellip; <a href=\"https:\/\/vie-en-corps.fr\/?p=235\">Continue reading <span class=\"meta-nav\">&rarr;<\/span><\/a><\/p>\n","protected":false},"author":1,"featured_media":0,"comment_status":"closed","ping_status":"closed","sticky":false,"template":"","format":"standard","meta":[],"categories":[1],"tags":[],"_links":{"self":[{"href":"https:\/\/vie-en-corps.fr\/index.php?rest_route=\/wp\/v2\/posts\/235"}],"collection":[{"href":"https:\/\/vie-en-corps.fr\/index.php?rest_route=\/wp\/v2\/posts"}],"about":[{"href":"https:\/\/vie-en-corps.fr\/index.php?rest_route=\/wp\/v2\/types\/post"}],"author":[{"embeddable":true,"href":"https:\/\/vie-en-corps.fr\/index.php?rest_route=\/wp\/v2\/users\/1"}],"replies":[{"embeddable":true,"href":"https:\/\/vie-en-corps.fr\/index.php?rest_route=%2Fwp%2Fv2%2Fcomments&post=235"}],"version-history":[{"count":4,"href":"https:\/\/vie-en-corps.fr\/index.php?rest_route=\/wp\/v2\/posts\/235\/revisions"}],"predecessor-version":[{"id":239,"href":"https:\/\/vie-en-corps.fr\/index.php?rest_route=\/wp\/v2\/posts\/235\/revisions\/239"}],"wp:attachment":[{"href":"https:\/\/vie-en-corps.fr\/index.php?rest_route=%2Fwp%2Fv2%2Fmedia&parent=235"}],"wp:term":[{"taxonomy":"category","embeddable":true,"href":"https:\/\/vie-en-corps.fr\/index.php?rest_route=%2Fwp%2Fv2%2Fcategories&post=235"},{"taxonomy":"post_tag","embeddable":true,"href":"https:\/\/vie-en-corps.fr\/index.php?rest_route=%2Fwp%2Fv2%2Ftags&post=235"}],"curies":[{"name":"wp","href":"https:\/\/api.w.org\/{rel}","templated":true}]}}