{"id":200,"date":"2017-09-18T09:05:28","date_gmt":"2017-09-18T08:05:28","guid":{"rendered":"http:\/\/vie-en-corps.fr\/?p=200"},"modified":"2017-09-18T09:05:28","modified_gmt":"2017-09-18T08:05:28","slug":"where-is-my-clown-my-clown-is-not-a-clone","status":"publish","type":"post","link":"https:\/\/vie-en-corps.fr\/?p=200","title":{"rendered":"Where is my clown ? My clown is not a clone"},"content":{"rendered":"<p style=\"text-align: center;\"><strong><span style=\"text-decoration: underline;\">Journ\u00e9e d\u00e9couverte de l\u2019atelier d\u2019improvisation danse, clown, voix<br \/>\nDimanche 24 septembre 2017 de 10h \u00e0 16h Salle du pavillon des sports,<br \/>\nrue Alfred de Vigny, Gradignan<\/span><\/strong><\/p>\n<p>Journ\u00e9e ouverte \u00e0 toutes personnes, aucune exp\u00e9rience requise.<\/p>\n<p>O\u00f9 est mon clown, de quoi est-il fait, de quoi se nourrit-il\u00a0? C\u2019est un voyage aux sources de l\u2019improvisation clownesque, o\u00f9 s\u2019expriment l\u2019imaginaire, le corps et la voix. C\u2019est un moment pour d\u00e9couvrir par le jeu l\u2019univers du clown de th\u00e9\u00e2tre, son \u00e9nergie et son rapport au monde.<\/p>\n<p>La journ\u00e9e s\u2019articule autour d\u2019exercices ludiques et de mise en jeu corporels, de \u00a0 \u00a0 \u00a0 \u00a0 \u00a0 temps d\u2019improvisations individuelles et collectives.<br \/>\nElle sera co-anim\u00e9e par <a href=\"http:\/\/vie-en-corps.fr\/?page_id=71\"><em>David Bettin<\/em><\/a> et <em>Guillaume Delahay<\/em>.<\/p>\n<p>Penser \u00e0 prendre une tenue souple et un coussin pour s\u2019asseoir, une pause repas est pr\u00e9vue (chacun apporte quelque chose) que nous pouvons partager sur les lieux.<\/p>\n<p>La journ\u00e9e est ouverte et gratuite. (hormis l\u2019adh\u00e9sion obligatoire \u00e0 l\u2019association, requise : 15\u20ac).<\/p>\n<p>Le nombre de participants \u00e9tant limit\u00e9 \u00e0 14 personnes, r\u00e9server est fortement recommand\u00e9. Merci de le faire par retour de message \u00e0 <a href=\"mailto:mayte.banzo@wanadoo.fr\">mayte.banzo@wanadoo.fr<\/a> et dans tous les cas le <strong><u>mercredi 20 septembre au plus tard. <\/u><\/strong><\/p>\n","protected":false},"excerpt":{"rendered":"<p>Journ\u00e9e d\u00e9couverte de l\u2019atelier d\u2019improvisation danse, clown, voix Dimanche 24 septembre 2017 de 10h \u00e0 16h Salle du pavillon des sports, rue Alfred de Vigny, Gradignan Journ\u00e9e ouverte \u00e0 toutes personnes, aucune exp\u00e9rience requise. O\u00f9 est mon clown, de quoi &hellip; <a href=\"https:\/\/vie-en-corps.fr\/?p=200\">Continue reading <span class=\"meta-nav\">&rarr;<\/span><\/a><\/p>\n","protected":false},"author":1,"featured_media":0,"comment_status":"closed","ping_status":"closed","sticky":false,"template":"","format":"standard","meta":[],"categories":[1],"tags":[],"_links":{"self":[{"href":"https:\/\/vie-en-corps.fr\/index.php?rest_route=\/wp\/v2\/posts\/200"}],"collection":[{"href":"https:\/\/vie-en-corps.fr\/index.php?rest_route=\/wp\/v2\/posts"}],"about":[{"href":"https:\/\/vie-en-corps.fr\/index.php?rest_route=\/wp\/v2\/types\/post"}],"author":[{"embeddable":true,"href":"https:\/\/vie-en-corps.fr\/index.php?rest_route=\/wp\/v2\/users\/1"}],"replies":[{"embeddable":true,"href":"https:\/\/vie-en-corps.fr\/index.php?rest_route=%2Fwp%2Fv2%2Fcomments&post=200"}],"version-history":[{"count":7,"href":"https:\/\/vie-en-corps.fr\/index.php?rest_route=\/wp\/v2\/posts\/200\/revisions"}],"predecessor-version":[{"id":207,"href":"https:\/\/vie-en-corps.fr\/index.php?rest_route=\/wp\/v2\/posts\/200\/revisions\/207"}],"wp:attachment":[{"href":"https:\/\/vie-en-corps.fr\/index.php?rest_route=%2Fwp%2Fv2%2Fmedia&parent=200"}],"wp:term":[{"taxonomy":"category","embeddable":true,"href":"https:\/\/vie-en-corps.fr\/index.php?rest_route=%2Fwp%2Fv2%2Fcategories&post=200"},{"taxonomy":"post_tag","embeddable":true,"href":"https:\/\/vie-en-corps.fr\/index.php?rest_route=%2Fwp%2Fv2%2Ftags&post=200"}],"curies":[{"name":"wp","href":"https:\/\/api.w.org\/{rel}","templated":true}]}}