{"id":162,"date":"2017-03-11T11:20:16","date_gmt":"2017-03-11T10:20:16","guid":{"rendered":"http:\/\/vie-en-corps.fr\/?p=162"},"modified":"2017-03-15T16:39:14","modified_gmt":"2017-03-15T15:39:14","slug":"le-corps-de-son-clown-a-lorigine-du-duo","status":"publish","type":"post","link":"https:\/\/vie-en-corps.fr\/?p=162","title":{"rendered":"Le corps de son clown \u00e0 l&#8217;origine du duo&#8230;"},"content":{"rendered":"<p><img decoding=\"async\" loading=\"lazy\" class=\"alignnone size-medium wp-image-171\" src=\"http:\/\/vie-en-corps.fr\/wp-content\/uploads\/2017\/03\/atelier-500x288.jpg\" alt=\"\" width=\"500\" height=\"288\" srcset=\"https:\/\/vie-en-corps.fr\/wp-content\/uploads\/2017\/03\/atelier-500x288.jpg 500w, https:\/\/vie-en-corps.fr\/wp-content\/uploads\/2017\/03\/atelier-768x442.jpg 768w, https:\/\/vie-en-corps.fr\/wp-content\/uploads\/2017\/03\/atelier-1024x590.jpg 1024w\" sizes=\"(max-width: 500px) 100vw, 500px\" \/><\/p>\n<p align=\"justify\"><span style=\"font-family: Arial,sans-serif;\"><span style=\"font-size: medium;\">Mon corps l&#8217;antre de mon imaginaire\u00a0: Qu&#8217;y a-t-il entre mon corps et moi ? Entre l&#8217;autre et moi ? Entre mon nez et mes pieds ?<br \/>\nMettre en lumi\u00e8re ce duo invisible si impr\u00e9visible, tel est l&#8217;objectif de cette journ\u00e9e.<br \/>\nA partir des outils de BMC (<\/span><\/span><span style=\"font-size: medium;\"><span style=\"font-family: Arial,sans-serif;\">Body-Mind Centering\u00ae) <\/span><\/span><span style=\"font-family: Arial,sans-serif;\"><span style=\"font-size: medium;\">nous ouvrirons un dialogue entre le mouvement et le clown.<br \/>\n<\/span><\/span><br \/>\n<strong>La journ\u00e9e sera anim\u00e9e \u00e0 quatre pieds par:<\/strong><\/p>\n<ul>\n<li><strong>T\u00e2m Nguyen-minh<\/strong> ethnologue et danseur. Il anime des ateliers sur Bordeaux avec l\u2019association le hibou intempestif (<a href=\"http:\/\/www.hibou-intempestif.blogspot.com\">www.hibou-intempestif.blogspot.com<\/a>).<\/li>\n<li><strong>David Bettin<\/strong> \u00e9ducateur et professeur de clown de th\u00e9\u00e2tre.<\/li>\n<\/ul>\n<p><strong>Aspects pratiques<\/strong><\/p>\n<ul>\n<li>La journ\u00e9e se d\u00e9roulera le <strong>dimanche 9 avril 2017, de 10 \u00e0 17h <\/strong><\/li>\n<li>Lieu :<strong> Salle du <a href=\"https:\/\/goo.gl\/maps\/ow7ZWaM9YH32\">centre <em>Arts et loisirs<\/em> d&#8217;Arlac<\/a>, Avenue de la chapelle Sainte Bernadette \u00e0 M\u00e9rignac.<\/strong><\/li>\n<li><span style=\"font-family: Times New Roman,sans-serif;\"><span style=\"font-size: medium;\"><span style=\"font-family: Arial,sans-serif;\">Une tenue souple est recommand\u00e9e.<\/span><\/span><\/span><\/li>\n<li><span style=\"font-family: Times New Roman,sans-serif;\"><span style=\"font-size: medium;\"><span style=\"font-family: Arial,sans-serif;\">Pour la pause du midi nous partageons les sp\u00e9cialit\u00e9s apport\u00e9es par chacun.<\/span><\/span><\/span><\/li>\n<\/ul>\n<p><strong>Tarif<\/strong><\/p>\n<ul>\n<li>50 euros pour la journ\u00e9e.<\/li>\n<li>15 euros pour l\u2019adh\u00e9sion \u00e0 l\u2019association Vie en Corps.<\/li>\n<li>Des arrhes de 20 euros sont demand\u00e9es pour r\u00e9server votre participation \u00e0 la journ\u00e9e.<\/li>\n<\/ul>\n<p>Les arrhes sont \u00e0 envoyer par ch\u00e8que avec le bulletin de r\u00e9servation rempli (<a href=\"http:\/\/vie-en-corps.fr\/wp-content\/uploads\/2017\/02\/Bulletin-de-r%C3%A9servation-Stage-clown.pdf\">\u00e0 t\u00e9l\u00e9charger ici<\/a>) \u00e0 : Vie en corps &#8211; 15 rue Edouard Michel &#8211; 33170 Gradignan<\/p>\n","protected":false},"excerpt":{"rendered":"<p>Mon corps l&#8217;antre de mon imaginaire\u00a0: Qu&#8217;y a-t-il entre mon corps et moi ? Entre l&#8217;autre et moi ? Entre mon nez et mes pieds ? Mettre en lumi\u00e8re ce duo invisible si impr\u00e9visible, tel est l&#8217;objectif de cette journ\u00e9e. &hellip; <a href=\"https:\/\/vie-en-corps.fr\/?p=162\">Continue reading <span class=\"meta-nav\">&rarr;<\/span><\/a><\/p>\n","protected":false},"author":1,"featured_media":0,"comment_status":"closed","ping_status":"closed","sticky":false,"template":"","format":"standard","meta":[],"categories":[1],"tags":[],"_links":{"self":[{"href":"https:\/\/vie-en-corps.fr\/index.php?rest_route=\/wp\/v2\/posts\/162"}],"collection":[{"href":"https:\/\/vie-en-corps.fr\/index.php?rest_route=\/wp\/v2\/posts"}],"about":[{"href":"https:\/\/vie-en-corps.fr\/index.php?rest_route=\/wp\/v2\/types\/post"}],"author":[{"embeddable":true,"href":"https:\/\/vie-en-corps.fr\/index.php?rest_route=\/wp\/v2\/users\/1"}],"replies":[{"embeddable":true,"href":"https:\/\/vie-en-corps.fr\/index.php?rest_route=%2Fwp%2Fv2%2Fcomments&post=162"}],"version-history":[{"count":16,"href":"https:\/\/vie-en-corps.fr\/index.php?rest_route=\/wp\/v2\/posts\/162\/revisions"}],"predecessor-version":[{"id":179,"href":"https:\/\/vie-en-corps.fr\/index.php?rest_route=\/wp\/v2\/posts\/162\/revisions\/179"}],"wp:attachment":[{"href":"https:\/\/vie-en-corps.fr\/index.php?rest_route=%2Fwp%2Fv2%2Fmedia&parent=162"}],"wp:term":[{"taxonomy":"category","embeddable":true,"href":"https:\/\/vie-en-corps.fr\/index.php?rest_route=%2Fwp%2Fv2%2Fcategories&post=162"},{"taxonomy":"post_tag","embeddable":true,"href":"https:\/\/vie-en-corps.fr\/index.php?rest_route=%2Fwp%2Fv2%2Ftags&post=162"}],"curies":[{"name":"wp","href":"https:\/\/api.w.org\/{rel}","templated":true}]}}