{"id":149,"date":"2017-02-02T18:44:27","date_gmt":"2017-02-02T17:44:27","guid":{"rendered":"http:\/\/vie-en-corps.fr\/?p=149"},"modified":"2017-02-03T15:10:07","modified_gmt":"2017-02-03T14:10:07","slug":"la-voix-de-son-clown","status":"publish","type":"post","link":"https:\/\/vie-en-corps.fr\/?p=149","title":{"rendered":"La voix de son clown&#8230;"},"content":{"rendered":"<p><strong>Explorer la voi<del><\/del>e de son clown&#8230;<\/strong><\/p>\n<p>A partir des outils du <em>circle song<\/em> et de la <em>cirkla music<\/em> nous mobilisons le rythme et la voix afin d&#8217;enrichir le monde de notre clown. Et, ainsi d\u00e9couvrir si en nous sommeille un Elvis, un Georges, une Rita&#8230;<br \/>\nLa journ\u00e9e sera anim\u00e9e \u00e0 2 voix par :<br \/>\n\u2022\u00a0\u00a0 \u00a0<a href=\"https:\/\/fr-fr.facebook.com\/mehdi.sfaxi.1\">Mehdi Sfaxi<\/a>, musicien et musicoth\u00e9rapeute<br \/>\n\u2022\u00a0\u00a0 \u00a0David Bettin \u00e9ducateur et professeur de clown th\u00e9\u00e2tre<\/p>\n<p>Aspects pratiques<br \/>\n\u2022\u00a0\u00a0 \u00a0La journ\u00e9e se d\u00e9roulera le dimanche 12 f\u00e9vrier 2017, de 10 \u00e0 17h \u00e0 <a href=\"https:\/\/goo.gl\/maps\/Tqw3Rv2vBPE2\" target=\"_blank\">la salle de danse du ch\u00e2teau d&#8217;Ornon impasse d&#8217;Ornon \u00e0 Gradignan<\/a><br \/>\n\u2022\u00a0\u00a0 \u00a0Il est recommand\u00e9 une tenue souple et un coussin pour s\u2019asseoir.<br \/>\n\u2022\u00a0\u00a0 \u00a0Pour la pause du midi nous partageons les sp\u00e9cialit\u00e9s apport\u00e9es par chacun.<\/p>\n<p>Tarif<br \/>\n\u2022\u00a0\u00a0 \u00a050 euros pour la journ\u00e9e<br \/>\n\u2022\u00a0\u00a0 \u00a015 euros pour l\u2019adh\u00e9sion \u00e0 l\u2019association Vie en Corps.<br \/>\n\u2022\u00a0\u00a0 \u00a0Des arrhes de 20 euros sont demand\u00e9es pour r\u00e9server votre participation \u00e0 la journ\u00e9e.<\/p>\n<p>Les arrhes sont \u00e0 envoyer par ch\u00e8que avec le bulletin de r\u00e9servation rempli (<a href=\"http:\/\/vie-en-corps.fr\/wp-content\/uploads\/2017\/02\/Bulletin-de-r%C3%A9servation-Stage-clown.pdf\">\u00e0 t\u00e9l\u00e9charger ici, sur ce site<\/a>) \u00e0 :<\/p>\n<p style=\"padding-left: 30px;\">Vie en corps<br \/>\n15 rue Edouard Michel<br \/>\n33170 Gradignan<\/p>\n<p style=\"padding-left: 30px;\"><img decoding=\"async\" loading=\"lazy\" class=\"alignnone size-full wp-image-152\" src=\"http:\/\/vie-en-corps.fr\/wp-content\/uploads\/2017\/02\/image-comique-sur-la-voix.jpeg\" alt=\"image comique sur la voix\" width=\"456\" height=\"406\" srcset=\"https:\/\/vie-en-corps.fr\/wp-content\/uploads\/2017\/02\/image-comique-sur-la-voix.jpeg 456w, https:\/\/vie-en-corps.fr\/wp-content\/uploads\/2017\/02\/image-comique-sur-la-voix-337x300.jpeg 337w\" sizes=\"(max-width: 456px) 100vw, 456px\" \/><\/p>\n","protected":false},"excerpt":{"rendered":"<p>Explorer la voie de son clown&#8230; A partir des outils du circle song et de la cirkla music nous mobilisons le rythme et la voix afin d&#8217;enrichir le monde de notre clown. Et, ainsi d\u00e9couvrir si en nous sommeille un &hellip; <a href=\"https:\/\/vie-en-corps.fr\/?p=149\">Continue reading <span class=\"meta-nav\">&rarr;<\/span><\/a><\/p>\n","protected":false},"author":1,"featured_media":0,"comment_status":"closed","ping_status":"closed","sticky":false,"template":"","format":"standard","meta":[],"categories":[1],"tags":[],"_links":{"self":[{"href":"https:\/\/vie-en-corps.fr\/index.php?rest_route=\/wp\/v2\/posts\/149"}],"collection":[{"href":"https:\/\/vie-en-corps.fr\/index.php?rest_route=\/wp\/v2\/posts"}],"about":[{"href":"https:\/\/vie-en-corps.fr\/index.php?rest_route=\/wp\/v2\/types\/post"}],"author":[{"embeddable":true,"href":"https:\/\/vie-en-corps.fr\/index.php?rest_route=\/wp\/v2\/users\/1"}],"replies":[{"embeddable":true,"href":"https:\/\/vie-en-corps.fr\/index.php?rest_route=%2Fwp%2Fv2%2Fcomments&post=149"}],"version-history":[{"count":9,"href":"https:\/\/vie-en-corps.fr\/index.php?rest_route=\/wp\/v2\/posts\/149\/revisions"}],"predecessor-version":[{"id":160,"href":"https:\/\/vie-en-corps.fr\/index.php?rest_route=\/wp\/v2\/posts\/149\/revisions\/160"}],"wp:attachment":[{"href":"https:\/\/vie-en-corps.fr\/index.php?rest_route=%2Fwp%2Fv2%2Fmedia&parent=149"}],"wp:term":[{"taxonomy":"category","embeddable":true,"href":"https:\/\/vie-en-corps.fr\/index.php?rest_route=%2Fwp%2Fv2%2Fcategories&post=149"},{"taxonomy":"post_tag","embeddable":true,"href":"https:\/\/vie-en-corps.fr\/index.php?rest_route=%2Fwp%2Fv2%2Ftags&post=149"}],"curies":[{"name":"wp","href":"https:\/\/api.w.org\/{rel}","templated":true}]}}